{"id":3858,"date":"2024-02-05T08:49:18","date_gmt":"2024-02-05T08:49:18","guid":{"rendered":"https:\/\/www.associazione-restart.com\/?p=3858"},"modified":"2024-03-22T17:33:02","modified_gmt":"2024-03-22T17:33:02","slug":"a-bocca-chiusa","status":"publish","type":"post","link":"https:\/\/www.associazione-restart.com\/en\/a-bocca-chiusa\/","title":{"rendered":"A bocca chiusa"},"content":{"rendered":"<div data-elementor-type=\"wp-post\" data-elementor-id=\"3858\" class=\"elementor elementor-3858\" data-elementor-settings=\"[]\">\n\t\t\t\t\t\t<div class=\"elementor-inner\">\n\t\t\t\t\t\t\t<div class=\"elementor-section-wrap\">\n\t\t\t\t\t\t\t<section class=\"elementor-section elementor-top-section elementor-element elementor-element-2b2ecda elementor-section-boxed elementor-section-height-default elementor-section-height-default\" data-id=\"2b2ecda\" data-element_type=\"section\">\n\t\t\t\t\t\t<div class=\"elementor-container elementor-column-gap-default\">\n\t\t\t\t\t\t\t<div class=\"elementor-row\">\n\t\t\t\t\t<div class=\"elementor-column elementor-col-100 elementor-top-column elementor-element elementor-element-bf70332\" data-id=\"bf70332\" data-element_type=\"column\">\n\t\t\t<div class=\"elementor-column-wrap elementor-element-populated\">\n\t\t\t\t\t\t\t<div class=\"elementor-widget-wrap\">\n\t\t\t\t\t\t<div class=\"elementor-element elementor-element-884a1c3 elementor-widget elementor-widget-heading\" data-id=\"884a1c3\" data-element_type=\"widget\" data-widget_type=\"heading.default\">\n\t\t\t\t<div class=\"elementor-widget-container\">\n\t\t\t<h4 class=\"elementor-heading-title elementor-size-xl\">A bocca chiusa<\/h4>\t\t<\/div>\n\t\t\t\t<\/div>\n\t\t\t\t<div class=\"elementor-element elementor-element-0d79147 elementor-widget elementor-widget-text-editor\" data-id=\"0d79147\" data-element_type=\"widget\" data-widget_type=\"text-editor.default\">\n\t\t\t\t<div class=\"elementor-widget-container\">\n\t\t\t\t\t\t\t\t<div class=\"elementor-text-editor elementor-clearfix\">\n\t\t\t\t\t<p><span style=\"color: #000000;\">Tre settimane.<\/span><\/p><p><span style=\"color: #000000;\">Tre settimane di bocche chiuse e di microfoni spenti.<\/span><\/p><p><span style=\"color: #000000;\">\u00c8 passato quasi un anno ormai da quelle tre settimane di silenzio quasi assoluto, per non dire assordante che hanno quasi completamente fermato le sale doppiaggio italiane; per chi non lo ricordasse o perch\u00e9 chi non lo sapesse (Davvero? Anche se non lavorate nel settore, non ricordate la polemica sulla mancata uscita della versione doppiata del finale di <em>The Last Of Us<\/em>?) tra il febbraio e il marzo dell\u2019anno scorso, le sale doppiaggio si sono fermate a causa di un lungo sciopero di circa tre settimane che ha visto coinvolte quasi tutte le maestranze che operano nel settore doppiaggio: dai doppiatori (da cui l\u2019intera protesta \u00e8 scaturita) ai fonici, agli assistenti al doppiaggio; eccezion fatta per poche e generalmente piccole realt\u00e0, la filiera si \u00e8 fermata.<\/span><\/p><p><span style=\"color: #000000;\">Alla base dello sciopero, c\u2019era una richiesta: quella di tornare al tavolo per discutere il rinnovo del CCNL Doppiaggio, scaduto ormai da 15 anni, eppure ancora vigente; la contrattualistica non era andata di pari passo con il cambiamento e le maestranze del settore si trovavano a non essere pi\u00f9 tutelate. <img decoding=\"async\" loading=\"lazy\" src=\"https:\/\/www.associazione-restart.com\/wp-content\/uploads\/2024\/02\/pan-shot-professional-microphone-dubbing-voice-sound-recording-studio-close-up-podcasting-concept_85-300x222.jpg\" alt=\"\" width=\"300\" height=\"222\" class=\"alignleft size-medium wp-image-3861\" srcset=\"https:\/\/www.associazione-restart.com\/wp-content\/uploads\/2024\/02\/pan-shot-professional-microphone-dubbing-voice-sound-recording-studio-close-up-podcasting-concept_85-300x222.jpg 300w, https:\/\/www.associazione-restart.com\/wp-content\/uploads\/2024\/02\/pan-shot-professional-microphone-dubbing-voice-sound-recording-studio-close-up-podcasting-concept_85-16x12.jpg 16w, https:\/\/www.associazione-restart.com\/wp-content\/uploads\/2024\/02\/pan-shot-professional-microphone-dubbing-voice-sound-recording-studio-close-up-podcasting-concept_85.jpg 626w\" sizes=\"(max-width: 300px) 100vw, 300px\" \/><\/span><span style=\"color: #000000;\"> Come \u00e8 stato messo in chiaro da molte voci in numerose interviste rilasciate durante le tre settimane di sciopero, la questione andava per\u00f2 anche al di l\u00e0 della mera protezione personale: oltre alla richiesta di una migliore retribuzione e di tempistiche di lavoro pi\u00f9 umane, infatti, per molti dei doppiatori coinvolti nello sciopero, la questione riguardava anche la dignit\u00e0 e la qualit\u00e0 del doppiaggio italiano, un settore che \u00e8 sempre stato un vanto del nostro Paese. Se \u00e8 vero che le ultime ricerche dimostrano che pi\u00f9 dell\u201980% degli italiani predilige la visione di prodotti doppiati, \u00e8 altres\u00ec vero, infatti, che negli ultimi anni si \u00e8 riscontrato un calo della qualit\u00e0 del doppiaggio; un generale <strong>impoverimento<\/strong> che in molti hanno riscontrato non soltanto nella qualit\u00e0 dei dialoghi, ma anche nel lessico utilizzato e persino nella qualit\u00e0 dell\u2019audio fornito.<\/span><\/p><p><span style=\"color: #000000;\">Una situazione, questa, figlia per\u00f2 di un lento cambiamento che ha stravolto la filiera; mentre, negli anni \u201990,\u00a0 la lavorazione dell&#8217;edizione italiana di un film (comprensiva di adattamento dialoghi e doppiaggio) poteva essere anche di un mese e mezzo, in tempi pi\u00f9 recenti, le tempistiche per lo stesso film si sono ridotte a mere due settimane, tre quando va bene. Viene quindi da s\u00e9 che tutto ci\u00f2 che prima veniva curato nei minimi dettagli (dall&#8217;adattamento dialoghi all&#8217;interpretazione dei doppiatori in sala), adesso \u00e8 costretto a passare in secondo piano per lasciare spazio a una ricerca di aderenza alla voce e al senso originali che, in un momento non meglio specificato di questo processo, sono diventati gli elementi pi\u00f9 importanti a cui attenersi.<\/span><\/p><p><span style=\"color: #000000;\">E questo ci porta, a cascata, a parlare del secondo grande motivo dietro lo sciopero: ci diciamo sempre che la macchina non potr\u00e0 mai rimpiazzare del tutto l&#8217;uomo perch\u00e9 soltanto l&#8217;uomo \u00e8 capace di provare (e provocare) emozioni, ma se la qualit\u00e0 cala in maniera cos\u00ec drastica rendendo certi prodotti asettici, cosa impedir\u00e0 all\u2019intelligenza artificiale di rimpiazzare gli umani nella filiera? E a questo proposito, come si frena la sempre pi\u00f9 preponderante presenza della macchina all\u2019interno di un settore come quello del doppiaggio? <img decoding=\"async\" loading=\"lazy\" src=\"https:\/\/www.associazione-restart.com\/wp-content\/uploads\/2024\/02\/ai-technology-microchip-background-digital-transformation-concept-300x200.jpg\" alt=\"\" width=\"300\" height=\"200\" class=\"size-medium wp-image-3862 alignright\" srcset=\"https:\/\/www.associazione-restart.com\/wp-content\/uploads\/2024\/02\/ai-technology-microchip-background-digital-transformation-concept-300x200.jpg 300w, https:\/\/www.associazione-restart.com\/wp-content\/uploads\/2024\/02\/ai-technology-microchip-background-digital-transformation-concept-1024x683.jpg 1024w, https:\/\/www.associazione-restart.com\/wp-content\/uploads\/2024\/02\/ai-technology-microchip-background-digital-transformation-concept-768x512.jpg 768w, https:\/\/www.associazione-restart.com\/wp-content\/uploads\/2024\/02\/ai-technology-microchip-background-digital-transformation-concept-1536x1024.jpg 1536w, https:\/\/www.associazione-restart.com\/wp-content\/uploads\/2024\/02\/ai-technology-microchip-background-digital-transformation-concept-2048x1366.jpg 2048w, https:\/\/www.associazione-restart.com\/wp-content\/uploads\/2024\/02\/ai-technology-microchip-background-digital-transformation-concept-16x12.jpg 16w, https:\/\/www.associazione-restart.com\/wp-content\/uploads\/2024\/02\/ai-technology-microchip-background-digital-transformation-concept-360x240.jpg 360w\" sizes=\"(max-width: 300px) 100vw, 300px\" \/>Da sempre i doppiatori, per contratto, firmano una cessione dei diritti della propria voce che, finora, \u00e8 servita a garantire la libert\u00e0 alle case di produzione di utilizzare le voci doppiate a fine di marketing (si pensi ad esempio ai tagli operati al video per realizzare i promo dei prodotti); ma se nessuno si impegna a contrastare l\u2019uso indiscriminato dell\u2019IA, di cui gi\u00e0 ci sono esempi online, cosa impedir\u00e0 ad aziende e persino a privati di sfruttare le voci dei doppiatori per ulteriori fini? <strong>Pu\u00f2 sembrare un problema per il futuro, ma \u00e8 purtroppo un problema del presente:<\/strong> basti chiedere a Christian Iansante, voce, tra gli altri, del personaggio di Rick nella serie <em>Rick e Morty<\/em>, che ha trovato online degli estratti del cartone doppiati con la sua voce che lui per\u00f2 non ha mai registrato. E perch\u00e9 fermarsi a questo se l\u2019IA sar\u00e0 addirittura in grado di utilizzare <em>sample<\/em> di voci esistenti per crearne una nuova da poter usare indiscriminatamente?<\/span><\/p><p><span style=\"color: #000000;\">Sebbene lo sciopero sia durato \u201csolo\u201d tre settimane, questo \u00e8 bastato per riportare le parti al tavolo e cos\u00ec, dopo mesi di riunioni, il 6 dicembre 2023 si \u00e8 giunti finalmente a un accordo, con la stipula del nuovo CCNL Doppiaggio, che potete trovare qui, sul sito dell\u2019ANICA, Associazione Nazionale Industrie Cinematografiche Audiovisive e Digitali: <a href=\"https:\/\/www.anica.it\/news\/news-anica\/rinnovato-il-ccnl-doppiaggio\">Rinnovato il CCNL Doppiaggio. <\/a>\u00a0 \u00a0<\/span><br \/><span style=\"color: #000000;\">Nel comunicato stampa che ne ha dato notizia, il contratto viene definito \u201c<em>innovativo e adeguato ai tempi, articolato e migliorativo per le parti coinvolte. [La ratifica di suddetto contratto] adegua finalmente la normativa contrattuale del Settore Doppiaggio ai numerosi cambiamenti, anche tecnologici, avvenuti negli anni, con l\u2019obiettivo di renderla quanto pi\u00f9 attuale e concreta, esigibile e innovativa. Tra le novit\u00e0 qualificanti del nuovo accordo, l\u2019inserimento di un intero articolo dedicato all\u2019intelligenza artificiale, e l\u2019aggiunta di un recupero salariale a fronte di una riduzione dei ritmi di lavoro, a favore di un miglioramento sostanziale della qualit\u00e0 della prestazione e quindi del prodotto finale.<\/em>\u201d<\/span><\/p><p><span style=\"color: #000000;\">Adesso che il problema sembra essere parzialmente risolto, almeno a livello normativo, in realt\u00e0, la domanda che la gran parte del settore si pone \u00e8 la stessa che in molti si ponevano con l\u2019accordo ponte precedente: quante realt\u00e0 del settore si atterranno davvero alle nuove regolamentazioni, soprattutto per quanto riguarda le tariffe? A fronte di quanto ottenuto, la situazione rimarr\u00e0 invariata o qualcosa cambier\u00e0 davvero?\u00a0<br \/><\/span><span style=\"color: #000000;\">\u00a0\u00a0\u00a0\u00a0\u00a0\u00a0\u00a0\u00a0 <\/span><br \/><span style=\"color: #000000;\">Ai posteri (o forse semplicemente a noi tra qualche mese) l\u2019ardua sentenza.<\/span><\/p>\t\t\t\t\t<\/div>\n\t\t\t\t\t\t<\/div>\n\t\t\t\t<\/div>\n\t\t\t\t\t\t<\/div>\n\t\t\t\t\t<\/div>\n\t\t<\/div>\n\t\t\t\t\t\t\t\t<\/div>\n\t\t\t\t\t<\/div>\n\t\t<\/section>\n\t\t\t\t\t\t<\/div>\n\t\t\t\t\t\t<\/div>\n\t\t\t\t\t<\/div>","protected":false},"excerpt":{"rendered":"<p>A bocca chiusa Tre settimane. Tre settimane di bocche chiuse e di microfoni spenti. \u00c8 passato quasi un anno ormai da quelle tre settimane di silenzio quasi assoluto, per non dire assordante che hanno quasi completamente fermato le sale doppiaggio italiane; per chi non lo ricordasse o perch\u00e9 chi non [&hellip;]<\/p>","protected":false},"author":1,"featured_media":3859,"comment_status":"open","ping_status":"open","sticky":false,"template":"","format":"standard","meta":[],"categories":[17],"tags":[45,53,54,31,55,56,57,52],"_links":{"self":[{"href":"https:\/\/www.associazione-restart.com\/en\/wp-json\/wp\/v2\/posts\/3858"}],"collection":[{"href":"https:\/\/www.associazione-restart.com\/en\/wp-json\/wp\/v2\/posts"}],"about":[{"href":"https:\/\/www.associazione-restart.com\/en\/wp-json\/wp\/v2\/types\/post"}],"author":[{"embeddable":true,"href":"https:\/\/www.associazione-restart.com\/en\/wp-json\/wp\/v2\/users\/1"}],"replies":[{"embeddable":true,"href":"https:\/\/www.associazione-restart.com\/en\/wp-json\/wp\/v2\/comments?post=3858"}],"version-history":[{"count":15,"href":"https:\/\/www.associazione-restart.com\/en\/wp-json\/wp\/v2\/posts\/3858\/revisions"}],"predecessor-version":[{"id":4223,"href":"https:\/\/www.associazione-restart.com\/en\/wp-json\/wp\/v2\/posts\/3858\/revisions\/4223"}],"wp:featuredmedia":[{"embeddable":true,"href":"https:\/\/www.associazione-restart.com\/en\/wp-json\/wp\/v2\/media\/3859"}],"wp:attachment":[{"href":"https:\/\/www.associazione-restart.com\/en\/wp-json\/wp\/v2\/media?parent=3858"}],"wp:term":[{"taxonomy":"category","embeddable":true,"href":"https:\/\/www.associazione-restart.com\/en\/wp-json\/wp\/v2\/categories?post=3858"},{"taxonomy":"post_tag","embeddable":true,"href":"https:\/\/www.associazione-restart.com\/en\/wp-json\/wp\/v2\/tags?post=3858"}],"curies":[{"name":"wp","href":"https:\/\/api.w.org\/{rel}","templated":true}]}}