{"id":4603,"date":"2024-09-30T08:31:11","date_gmt":"2024-09-30T08:31:11","guid":{"rendered":"https:\/\/www.associazione-restart.com\/?p=4603"},"modified":"2024-09-30T08:31:31","modified_gmt":"2024-09-30T08:31:31","slug":"siamo-ai-titoli-di-coda","status":"publish","type":"post","link":"https:\/\/www.associazione-restart.com\/en\/siamo-ai-titoli-di-coda\/","title":{"rendered":"Siamo ai titoli di coda?"},"content":{"rendered":"<div data-elementor-type=\"wp-post\" data-elementor-id=\"4603\" class=\"elementor elementor-4603\" data-elementor-settings=\"[]\">\n\t\t\t\t\t\t<div class=\"elementor-inner\">\n\t\t\t\t\t\t\t<div class=\"elementor-section-wrap\">\n\t\t\t\t\t\t\t<section class=\"elementor-section elementor-top-section elementor-element elementor-element-a225d93 elementor-section-boxed elementor-section-height-default elementor-section-height-default\" data-id=\"a225d93\" data-element_type=\"section\">\n\t\t\t\t\t\t<div class=\"elementor-container elementor-column-gap-default\">\n\t\t\t\t\t\t\t<div class=\"elementor-row\">\n\t\t\t\t\t<div class=\"elementor-column elementor-col-100 elementor-top-column elementor-element elementor-element-0012c2d\" data-id=\"0012c2d\" data-element_type=\"column\">\n\t\t\t<div class=\"elementor-column-wrap elementor-element-populated\">\n\t\t\t\t\t\t\t<div class=\"elementor-widget-wrap\">\n\t\t\t\t\t\t<div class=\"elementor-element elementor-element-de10c8f elementor-widget elementor-widget-heading\" data-id=\"de10c8f\" data-element_type=\"widget\" data-widget_type=\"heading.default\">\n\t\t\t\t<div class=\"elementor-widget-container\">\n\t\t\t<h2 class=\"elementor-heading-title elementor-size-default\">Siamo ai titoli di coda?<\/h2>\t\t<\/div>\n\t\t\t\t<\/div>\n\t\t\t\t<div class=\"elementor-element elementor-element-02950bb elementor-widget elementor-widget-text-editor\" data-id=\"02950bb\" data-element_type=\"widget\" data-widget_type=\"text-editor.default\">\n\t\t\t\t<div class=\"elementor-widget-container\">\n\t\t\t\t\t\t\t\t<div class=\"elementor-text-editor elementor-clearfix\">\n\t\t\t\t\t<p class=\"MsoNormal\"><span style=\"color: #000000;\">Sono passati quasi quattro mesi da quel giugno 2024 quando, riuniti sotto lo slogan \u201cSiamo ai titoli di coda\u201d, migliaia di lavoratori del settore audiovisivo italiano si sono mobilitati per portare all\u2019attenzione delle istituzioni e del grande pubblico le preoccupanti condizioni in cui versa il comparto. E a dirlo non sono solo i partecipanti al corteo, ma anche le cifre: secondo quanto riportato da un sondaggio dello stesso mese a cui hanno risposto circa 3000 lavoratori, il 60% di loro risulta disoccupato; al netto del fatto che avere 3 su 5 lavoratori a casa sarebbe un dato preoccupante in qualsiasi circostanza, il dato risulta ancora pi\u00f9 allarmante se si considera che il sondaggio \u00e8 stato somministrato in quello che, generalmente, \u00e8 uno dei periodi pi\u00f9 indaffarati dell\u2019anno. \u00a0\u00a0\u00a0 <img decoding=\"async\" loading=\"lazy\" src=\"https:\/\/www.associazione-restart.com\/wp-content\/uploads\/2024\/09\/coda-1024x576.jpg\" alt=\"\" width=\"350\" height=\"197\" class=\"alignleft wp-image-4606\" srcset=\"https:\/\/www.associazione-restart.com\/wp-content\/uploads\/2024\/09\/coda-1024x576.jpg 1024w, https:\/\/www.associazione-restart.com\/wp-content\/uploads\/2024\/09\/coda-300x169.jpg 300w, https:\/\/www.associazione-restart.com\/wp-content\/uploads\/2024\/09\/coda-768x432.jpg 768w, https:\/\/www.associazione-restart.com\/wp-content\/uploads\/2024\/09\/coda-1536x865.jpg 1536w, https:\/\/www.associazione-restart.com\/wp-content\/uploads\/2024\/09\/coda-2048x1153.jpg 2048w, https:\/\/www.associazione-restart.com\/wp-content\/uploads\/2024\/09\/coda-16x9.jpg 16w\" sizes=\"(max-width: 350px) 100vw, 350px\" \/>\u00a0\u00a0\u00a0\u00a0\u00a0\u00a0\u00a0\u00a0\u00a0\u00a0 <\/span><br \/><span style=\"color: #000000;\">La richiesta, dunque, \u00e8 chiara e a parlarne \u00e8 il rappresentante dei lavoratori, Scognamiglio: i manifestanti richiedono un &#8220;sostegno economico per i lavoratori in difficolt\u00e0 da parte dello Stato, a fronte del ritardo nell&#8217;emissione dei decreti e conseguente rallentamento delle attivit\u00e0 produttive che comportano una grave perdita sia in termini economici che in termini di anno contributivo a fini pensionistici. Chiediamo, inoltre, di avere regole chiare, con revisione e approvazione dei decreti attuativi, ammortizzatori sociali dedicati che mancano al settore, e di arrivare a un contratto collettivo nazionale, che manca da 25 anni.\u201d A giugno, questa prima mobilitazione si era conclusa con un incontro con le istituzioni che si erano dette disponibili ad aprire un tavolo per migliorare i decreti attuativi, mettendo in chiaro per\u00f2 che le tempistiche tecniche per questo genere di discussioni non erano quantificabili.\u00a0 E infatti, ad oggi, non ce n\u2019\u00e8 stata ancora traccia.<\/span><o:p><\/o:p><\/p><p><span style=\"color: #000000;\">A sentire i manifestanti, questo blocco delle produzioni trova le sue radici nella pandemia, ma \u00e8 andato solo peggiorando a causa della gestione governativa che \u00abha bloccato il tax credit e, soprattutto, non ha ancora pubblicato i decreti attuativi del nuovo provvedimento che regolamentano i finanziamenti dei prodotti del mondo dell\u2019audiovisivo\u00bb, creando quindi condizioni tali per cui nessuno se la sente di assumersi i rischi per mettere in produzione nuovi progetti.<img decoding=\"async\" loading=\"lazy\" src=\"https:\/\/www.associazione-restart.com\/wp-content\/uploads\/2024\/09\/lavoratori-spettacolo-protesta-messina-300x165.jpg\" alt=\"\" width=\"350\" height=\"192\" class=\"alignright wp-image-4608\" srcset=\"https:\/\/www.associazione-restart.com\/wp-content\/uploads\/2024\/09\/lavoratori-spettacolo-protesta-messina-300x165.jpg 300w, https:\/\/www.associazione-restart.com\/wp-content\/uploads\/2024\/09\/lavoratori-spettacolo-protesta-messina-16x9.jpg 16w, https:\/\/www.associazione-restart.com\/wp-content\/uploads\/2024\/09\/lavoratori-spettacolo-protesta-messina.jpg 620w\" sizes=\"(max-width: 350px) 100vw, 350px\" \/> E se \u00e8 vero che l\u2019impatto della pandemia si \u00e8 fatto sentire, negli ultimi anni, l\u2019intera filiera ha registrato alcune tendenze che hanno modificato le dinamiche interne e, di conseguenza, l\u2019intero settore:<\/span><\/p><ul><li><span style=\"color: #000000;\"><em>Esiste un monopolio nel cinema? E se s\u00ec, in mano a chi \u00e8?<br \/><\/em>Un vero e proprio monopolio non esiste (ancora), ma sicuramente negli ultimi anni c\u2019\u00e8 stata una progressiva concentrazione delle quote di mercato sia per quanto riguarda la produzione che la distribuzione; stando ai dati Cinetel del 2023, infatti, \u201ci film italiani (anche in co-produzione con societ\u00e0 estere) hanno incassato poco meno di 121 milioni di euro (24,3% del totale), e di questi l\u201980% (circa 88 milioni) \u00e8 riconducibile a 01 Distribution, Vision e Medusa e solo il restante 20% agli altri distributori.\u201d A questo, si aggiunge la sempre pi\u00f9 diffusa pratica di acquisizione di piccole e medie societ\u00e0 da parte di grandi conglomerati, e la sempre crescente diffusione delle piattaforme digitali che, oltre a offrire nuovi prodotti, rendono fruibili contenuti prodotti da altri.<\/span><\/li><li><span style=\"color: #000000;\"><em>Lo Stato cosa fa?<br \/><\/em>Nel 2016, l\u2019allora ministro della cultura Franceschini istitu\u00ec la cosiddetta Legge Cinema volta a creare il \u201cFondo per lo sviluppo degli investimenti nel cinema e nell\u2019audiovisivo\u201d, stabilendo anche i criteri per l\u2019attribuzione delle risorse. Tra i principali strumenti forniti da questa legge, troviamo: il <u>tax credit<\/u>, ovvero un credito d\u2019imposta riconosciuto alle societ\u00e0 di produzione e di distribuzione, pari a una percentuale tra il 15 e il 40% del costo sostenuto e i \u201ccontributi selettivi\u201d riconosciuti dal Ministero per opere prime, seconde e di particolare qualit\u00e0 artistiche. Nel grande schema delle cose, seppur ognuno con i propri difetti, questi strumenti sono stati cruciali per il rilancio del settore. Tuttavia, tra l\u2019aprile e il luglio di quest\u2019anno, il nuovo governo ha prima progettato e poi attuato un decreto ministeriale con il quale si \u00e8 andati a tagliare le risorse del Fondo di 50 milioni rispetto al 2023 e a modificare i criteri di accesso al <em>tax credit<\/em>, portandoli da \u201cneutrali\u201d quali erano, e quindi accessibili a tutti, a estremamente selettivi, andando in pratica a escludere tutta una serie di societ\u00e0 di produzione.<\/span><\/li><\/ul><p><span style=\"color: #000000;\">N.B. \u00c8 giusto sottolineare che, con questi nuovi criteri, la maggior parte dei tanto acclamati film italiani presentati quest\u2019anno alla Mostra del Cinema di Venezia non sarebbe stata prodotta.<\/span><\/p><p><span style=\"color: #000000;\">Queste nuove disposizioni del governo hanno dunque portato al favoreggiamento delle (gi\u00e0) grandi multinazionali di produzione e distribuzione, andando a inficiare la sopravvivenza di piccole e medie societ\u00e0 e a limitare ancora di pi\u00f9 il lavoro di autori e registi, mettendo cos\u00ec a repentaglio la libert\u00e0 di espressione, oltre che migliaia di posti di lavoro. <img decoding=\"async\" loading=\"lazy\" src=\"https:\/\/www.associazione-restart.com\/wp-content\/uploads\/2024\/09\/cinema-300x169.jpg\" alt=\"\" width=\"300\" height=\"169\" class=\"alignleft size-medium wp-image-4607\" srcset=\"https:\/\/www.associazione-restart.com\/wp-content\/uploads\/2024\/09\/cinema-300x169.jpg 300w, https:\/\/www.associazione-restart.com\/wp-content\/uploads\/2024\/09\/cinema-1024x577.jpg 1024w, https:\/\/www.associazione-restart.com\/wp-content\/uploads\/2024\/09\/cinema-768x433.jpg 768w, https:\/\/www.associazione-restart.com\/wp-content\/uploads\/2024\/09\/cinema-16x9.jpg 16w, https:\/\/www.associazione-restart.com\/wp-content\/uploads\/2024\/09\/cinema.jpg 1200w\" sizes=\"(max-width: 300px) 100vw, 300px\" \/><\/span><\/p><p><span style=\"color: #000000;\">Volete rimanere aggiornati sul lavoro del comitato \u201cSiamo ai titoli di coda\u201d? Li trovate qui:\u00a0<span style=\"text-decoration: underline;\"><a href=\"https:\/\/www.instagram.com\/siamoaititolidicoda\/\" style=\"color: #000000; text-decoration: underline;\">Siamo ai titoli di coda<\/a><\/span><\/span><\/p>\t\t\t\t\t<\/div>\n\t\t\t\t\t\t<\/div>\n\t\t\t\t<\/div>\n\t\t\t\t\t\t<\/div>\n\t\t\t\t\t<\/div>\n\t\t<\/div>\n\t\t\t\t\t\t\t\t<\/div>\n\t\t\t\t\t<\/div>\n\t\t<\/section>\n\t\t\t\t\t\t<\/div>\n\t\t\t\t\t\t<\/div>\n\t\t\t\t\t<\/div>","protected":false},"excerpt":{"rendered":"<p>Siamo ai titoli di coda? Sono passati quasi quattro mesi da quel giugno 2024 quando, riuniti sotto lo slogan \u201cSiamo ai titoli di coda\u201d, migliaia di lavoratori del settore audiovisivo italiano si sono mobilitati per portare all\u2019attenzione delle istituzioni e del grande pubblico le preoccupanti condizioni in cui versa il [&hellip;]<\/p>","protected":false},"author":1,"featured_media":4612,"comment_status":"open","ping_status":"open","sticky":false,"template":"","format":"standard","meta":[],"categories":[17],"tags":[31,87,108,49,107,106],"_links":{"self":[{"href":"https:\/\/www.associazione-restart.com\/en\/wp-json\/wp\/v2\/posts\/4603"}],"collection":[{"href":"https:\/\/www.associazione-restart.com\/en\/wp-json\/wp\/v2\/posts"}],"about":[{"href":"https:\/\/www.associazione-restart.com\/en\/wp-json\/wp\/v2\/types\/post"}],"author":[{"embeddable":true,"href":"https:\/\/www.associazione-restart.com\/en\/wp-json\/wp\/v2\/users\/1"}],"replies":[{"embeddable":true,"href":"https:\/\/www.associazione-restart.com\/en\/wp-json\/wp\/v2\/comments?post=4603"}],"version-history":[{"count":8,"href":"https:\/\/www.associazione-restart.com\/en\/wp-json\/wp\/v2\/posts\/4603\/revisions"}],"predecessor-version":[{"id":4616,"href":"https:\/\/www.associazione-restart.com\/en\/wp-json\/wp\/v2\/posts\/4603\/revisions\/4616"}],"wp:featuredmedia":[{"embeddable":true,"href":"https:\/\/www.associazione-restart.com\/en\/wp-json\/wp\/v2\/media\/4612"}],"wp:attachment":[{"href":"https:\/\/www.associazione-restart.com\/en\/wp-json\/wp\/v2\/media?parent=4603"}],"wp:term":[{"taxonomy":"category","embeddable":true,"href":"https:\/\/www.associazione-restart.com\/en\/wp-json\/wp\/v2\/categories?post=4603"},{"taxonomy":"post_tag","embeddable":true,"href":"https:\/\/www.associazione-restart.com\/en\/wp-json\/wp\/v2\/tags?post=4603"}],"curies":[{"name":"wp","href":"https:\/\/api.w.org\/{rel}","templated":true}]}}