{"id":4627,"date":"2024-10-25T08:31:25","date_gmt":"2024-10-25T08:31:25","guid":{"rendered":"https:\/\/www.associazione-restart.com\/?p=4627"},"modified":"2024-10-25T08:41:52","modified_gmt":"2024-10-25T08:41:52","slug":"il-sottotitolaggio-compensativo","status":"publish","type":"post","link":"https:\/\/www.associazione-restart.com\/en\/il-sottotitolaggio-compensativo\/","title":{"rendered":"Il sottotitolaggio &#8220;compensativo&#8221;"},"content":{"rendered":"<div data-elementor-type=\"wp-post\" data-elementor-id=\"4627\" class=\"elementor elementor-4627\" data-elementor-settings=\"[]\">\n\t\t\t\t\t\t<div class=\"elementor-inner\">\n\t\t\t\t\t\t\t<div class=\"elementor-section-wrap\">\n\t\t\t\t\t\t\t<section class=\"elementor-section elementor-top-section elementor-element elementor-element-f519c70 elementor-section-boxed elementor-section-height-default elementor-section-height-default\" data-id=\"f519c70\" data-element_type=\"section\">\n\t\t\t\t\t\t<div class=\"elementor-container elementor-column-gap-default\">\n\t\t\t\t\t\t\t<div class=\"elementor-row\">\n\t\t\t\t\t<div class=\"elementor-column elementor-col-100 elementor-top-column elementor-element elementor-element-9c0453e\" data-id=\"9c0453e\" data-element_type=\"column\">\n\t\t\t<div class=\"elementor-column-wrap elementor-element-populated\">\n\t\t\t\t\t\t\t<div class=\"elementor-widget-wrap\">\n\t\t\t\t\t\t<div class=\"elementor-element elementor-element-1c9772e elementor-widget elementor-widget-heading\" data-id=\"1c9772e\" data-element_type=\"widget\" data-widget_type=\"heading.default\">\n\t\t\t\t<div class=\"elementor-widget-container\">\n\t\t\t<h2 class=\"elementor-heading-title elementor-size-default\">Il sottotitolaggio \"compensativo\"<\/h2>\t\t<\/div>\n\t\t\t\t<\/div>\n\t\t\t\t<div class=\"elementor-element elementor-element-e8ec3cd elementor-widget elementor-widget-text-editor\" data-id=\"e8ec3cd\" data-element_type=\"widget\" data-widget_type=\"text-editor.default\">\n\t\t\t\t<div class=\"elementor-widget-container\">\n\t\t\t\t\t\t\t\t<div class=\"elementor-text-editor elementor-clearfix\">\n\t\t\t\t\t<p><span style=\"font-size: 14.0pt; line-height: 107%;\">Quando ci hanno dato l\u2019incarico di creare i sottotitoli di \u201cFino alla fine\u201d, il nuovo film di Gabriele Muccino, eravamo emozionatissime, spinte non solo dalla voglia di poter lavorare per un regista cos\u00ec importante, ma anche curiose di scoprire quali nuovi sfide ci si sarebbero parate davanti;\u00a0in fin dei conti, ogni progetto porta con s\u00e9 nuovi ostacoli, siano essi di carattere terminologico (\u201cQuesto gioco di parole come lo traduco?\u201d) e\/o tecnico (\u201cPotete esportare i sottotitoli in questo formato?\u201d, \u201cNon ho una lista dialoghi di riferimento, puoi adattare a partire direttamente dall\u2019audio?\u201d). E poi, onestamente, dopo tre anni ancora non ci \u00e8 proprio passato l\u2019entusiasmo del poter vedere in anteprima prodotti che usciranno al cinema solo mesi dopo!<o:p><\/o:p><\/span><\/p><p style=\"text-align: justify;\"><span style=\"font-size: 14.0pt; line-height: 107%;\"><\/span><\/p><p style=\"text-align: justify;\"><span style=\"font-size: 14.0pt; line-height: 107%;\">Lasciatecelo dire, quel genio di Muccino ci \u00e8 riuscito di nuovo: ha saputo creare una pellicola che in circa due ore riesce a spaziare dalla storia d\u2019amore al thriller all\u2019action movie, riuscendo cos\u00ec ad accontentare tutti i gusti e a tenere lo spettatore incollato alla poltrona. <\/span><\/p><p style=\"text-align: justify;\"><span style=\"font-size: 14.0pt; line-height: 107%;\"><img decoding=\"async\" loading=\"lazy\" src=\"https:\/\/www.associazione-restart.com\/wp-content\/uploads\/2024\/10\/Fino-alla-fine-210x300.jpg\" alt=\"\" width=\"210\" height=\"300\" class=\"alignleft size-medium wp-image-4630\" srcset=\"https:\/\/www.associazione-restart.com\/wp-content\/uploads\/2024\/10\/Fino-alla-fine-210x300.jpg 210w, https:\/\/www.associazione-restart.com\/wp-content\/uploads\/2024\/10\/Fino-alla-fine-8x12.jpg 8w, https:\/\/www.associazione-restart.com\/wp-content\/uploads\/2024\/10\/Fino-alla-fine.jpg 420w\" sizes=\"(max-width: 210px) 100vw, 210px\" \/> Il film racconta la storia di Sophie, una giovane ragazza americana che sta viaggiando per l\u2019Italia insieme alla sorella, appassionata d\u2019arte e di cultura italiana. Una volta arrivate a Palermo, ultima tappa del loro viaggio, Sophie (interpretata da Elena Kampouris) si dimostra per\u00f2 subito restia a passare il tempo che le rimane tra musei e rovine, e decide cos\u00ec di scappare in spiaggia dove, tra le onde del cristallino mar Mediterraneo, conosce Giulio e i suoi amici, dei ragazzi del luogo, che con i loro modi casinisti affascinano immediatamente la ragazza. E cos\u00ec, spinta in parte dall\u2019attrazione che prova per Giulio (interpretato da Saul Nanni) e in parte dalla voglia di ribellione che la attanaglia, Sophie si lascia trascinare in una notte brava che la porter\u00e0 a compiere azioni per lei inimmaginabili e a mettere alla prova s\u00e9 stessa.<img decoding=\"async\" loading=\"lazy\" src=\"https:\/\/www.associazione-restart.com\/wp-content\/uploads\/2024\/10\/richelmy-150x150.jpg\" alt=\"\" width=\"150\" height=\"150\" class=\"wp-image-4631 size-thumbnail alignright\" srcset=\"https:\/\/www.associazione-restart.com\/wp-content\/uploads\/2024\/10\/richelmy-150x150.jpg 150w, https:\/\/www.associazione-restart.com\/wp-content\/uploads\/2024\/10\/richelmy-144x144.jpg 144w\" sizes=\"(max-width: 150px) 100vw, 150px\" \/> Nel cast, oltre ai due protagonisti, troviamo Lorenzo Richelmy nel ruolo di Komandante;\u00a0 \u00a0l\u2019attore \u00e8 gi\u00e0 noto al grande pubblico per aver preso parte a film come \u201cSotto una buona stella\u201d di Carlo Verdone e a serie televisive come \u201cI liceali\u201d. <\/span><\/p><p class=\"MsoNormal\" style=\"text-align: justify;\"><span style=\"font-size: 14.0pt; line-height: 107%;\">Oltre che nella capacit\u00e0 di mischiare pi\u00f9 generi, la genialit\u00e0 di Muccino si ritrova in una scelta tecnico-stilistica che ci ha veramente sorpreso e che, a suo modo, ha anche impattato il tipo di sottotitolaggio da noi svolto. Il regista romano ha infatti scelto di girare due versioni del film, che non differiscono n\u00e9 per ordine di scene o finale, ma nella lingua in cui sono recitate. Mi spiego meglio: <o:p><\/o:p><\/span><\/p><p class=\"MsoListParagraphCxSpFirst\" style=\"text-align: justify; text-indent: -18.0pt; mso-list: l0 level1 lfo1;\"><!-- [if !supportLists]--><span style=\"font-size: 14.0pt; line-height: 107%; mso-ascii-font-family: Aptos; mso-fareast-font-family: Aptos; mso-hansi-font-family: Aptos; mso-bidi-font-family: Aptos;\">&#8211;<span style=\"font-variant-numeric: normal; font-variant-east-asian: normal; font-variant-alternates: normal; font-size-adjust: none; font-kerning: auto; font-optical-sizing: auto; font-feature-settings: normal; font-variation-settings: normal; font-variant-position: normal; font-stretch: normal; font-size: 7pt; line-height: normal; font-family: 'Times New Roman';\">\u00a0\u00a0\u00a0\u00a0\u00a0\u00a0\u00a0\u00a0\u00a0\u00a0 <\/span><\/span><!--[endif]--><span style=\"font-size: 14.0pt; line-height: 107%;\">nella versione in italiano, chiaramente pensata per le proiezioni nostrane, troviamo un uso preponderante della lingua italiana, accompagnato da alcune battute in inglese, principalmente recitate da Sophie; per chi si chiede come sia possibile l\u2019uso di tanto italiano in un contesto in cui la protagonista \u00e8 straniera, non disperate, non si tratta di un buco di trama: c\u2019\u00e8 una perfetta spiegazione, che per\u00f2 non vi sveleremo!\u00a0<br \/><!--[endif]--><o:p><\/o:p><\/span><\/p><p class=\"MsoListParagraphCxSpLast\" style=\"text-align: justify; text-indent: -18.0pt; mso-list: l0 level1 lfo1;\"><!-- [if !supportLists]--><span style=\"font-size: 14.0pt; line-height: 107%; mso-ascii-font-family: Aptos; mso-fareast-font-family: Aptos; mso-hansi-font-family: Aptos; mso-bidi-font-family: Aptos;\">&#8211;<span style=\"font-variant-numeric: normal; font-variant-east-asian: normal; font-variant-alternates: normal; font-size-adjust: none; font-kerning: auto; font-optical-sizing: auto; font-feature-settings: normal; font-variation-settings: normal; font-variant-position: normal; font-stretch: normal; font-size: 7pt; line-height: normal; font-family: 'Times New Roman';\">\u00a0\u00a0\u00a0\u00a0\u00a0\u00a0\u00a0\u00a0\u00a0\u00a0 <\/span><\/span><!--[endif]--><span style=\"font-size: 14.0pt; line-height: 107%;\">la seconda versione, invece, \u00e8 stata probabilmente pensata per un pubblico internazionale ed \u00e8 infatti girata prevalentemente in lingua inglese: in questo caso, sono i ragazzi italiani ad adattare la propria recitazione alla lingua madre della protagonista; anche in questo caso, comunque, si \u00e8 cercata l\u2019autenticit\u00e0: l\u2019inglese parlato da Giulio e i suoi amici \u00e8 abbastanza maccheronico e presenta sbavature e sgrammaticature, rendendo cos\u00ec pi\u00f9 credibili i dialoghi.<o:p><\/o:p><\/span><\/p><p class=\"MsoNormal\" style=\"text-align: justify;\"><span style=\"font-size: 14.0pt; line-height: 107%;\">Il nostro lavoro \u00e8 consistito quindi nel creare, per ognuna di queste versioni, dei sottotitoli che potremmo definire <b><i>compensativi<\/i><\/b>, in quanto pensati per facilitare la comprensione da parte del pubblico italiano e internazionale di tutte quelle battute che, come abbiamo detto, sono state recitate in una lingua diversa da quella predominante. <o:p><\/o:p><\/span><\/p><p class=\"MsoNormal\" style=\"text-align: justify;\"><span style=\"font-size: 14.0pt; line-height: 107%; mso-bidi-font-weight: bold;\">Si \u00e8 trattato dunque di una lavorazione insolita rispetto ad altri progetti di sottotitolazione a cui ci era capitato di lavorare, ma d\u2019altra parte non ci potevamo aspettare niente di meno da questo film, che anche la stampa definisce \u201csopra le righe\u201d.<o:p><\/o:p><\/span><\/p>\t\t\t\t\t<\/div>\n\t\t\t\t\t\t<\/div>\n\t\t\t\t<\/div>\n\t\t\t\t\t\t<\/div>\n\t\t\t\t\t<\/div>\n\t\t<\/div>\n\t\t\t\t\t\t\t\t<\/div>\n\t\t\t\t\t<\/div>\n\t\t<\/section>\n\t\t\t\t\t\t<\/div>\n\t\t\t\t\t\t<\/div>\n\t\t\t\t\t<\/div>","protected":false},"excerpt":{"rendered":"<p>Il sottotitolaggio &#8220;compensativo&#8221; Quando ci hanno dato l\u2019incarico di creare i sottotitoli di \u201cFino alla fine\u201d, il nuovo film di Gabriele Muccino, eravamo emozionatissime, spinte non solo dalla voglia di poter lavorare per un regista cos\u00ec importante, ma anche curiose di scoprire quali nuovi sfide ci si sarebbero parate davanti;&nbsp;in [&hellip;]<\/p>","protected":false},"author":1,"featured_media":4628,"comment_status":"open","ping_status":"open","sticky":false,"template":"","format":"standard","meta":[],"categories":[17],"tags":[69,31,87,110,111,112,109],"_links":{"self":[{"href":"https:\/\/www.associazione-restart.com\/en\/wp-json\/wp\/v2\/posts\/4627"}],"collection":[{"href":"https:\/\/www.associazione-restart.com\/en\/wp-json\/wp\/v2\/posts"}],"about":[{"href":"https:\/\/www.associazione-restart.com\/en\/wp-json\/wp\/v2\/types\/post"}],"author":[{"embeddable":true,"href":"https:\/\/www.associazione-restart.com\/en\/wp-json\/wp\/v2\/users\/1"}],"replies":[{"embeddable":true,"href":"https:\/\/www.associazione-restart.com\/en\/wp-json\/wp\/v2\/comments?post=4627"}],"version-history":[{"count":8,"href":"https:\/\/www.associazione-restart.com\/en\/wp-json\/wp\/v2\/posts\/4627\/revisions"}],"predecessor-version":[{"id":4639,"href":"https:\/\/www.associazione-restart.com\/en\/wp-json\/wp\/v2\/posts\/4627\/revisions\/4639"}],"wp:featuredmedia":[{"embeddable":true,"href":"https:\/\/www.associazione-restart.com\/en\/wp-json\/wp\/v2\/media\/4628"}],"wp:attachment":[{"href":"https:\/\/www.associazione-restart.com\/en\/wp-json\/wp\/v2\/media?parent=4627"}],"wp:term":[{"taxonomy":"category","embeddable":true,"href":"https:\/\/www.associazione-restart.com\/en\/wp-json\/wp\/v2\/categories?post=4627"},{"taxonomy":"post_tag","embeddable":true,"href":"https:\/\/www.associazione-restart.com\/en\/wp-json\/wp\/v2\/tags?post=4627"}],"curies":[{"name":"wp","href":"https:\/\/api.w.org\/{rel}","templated":true}]}}